{"id":694,"date":"2023-04-01T21:54:41","date_gmt":"2023-04-01T19:54:41","guid":{"rendered":"https:\/\/orientering.sjovalla.se\/?p=694"},"modified":"2023-04-02T08:06:25","modified_gmt":"2023-04-02T06:06:25","slug":"ny-ordforande-for-orienteringssektionen","status":"publish","type":"post","link":"https:\/\/orientering.sjovalla.se\/index.php\/2023\/04\/01\/ny-ordforande-for-orienteringssektionen\/","title":{"rendered":"Ny ordf\u00f6rande f\u00f6r orienteringssektionen"},"content":{"rendered":"\n<figure class=\"wp-block-image size-large\"><img loading=\"lazy\" decoding=\"async\" width=\"1024\" height=\"768\" src=\"https:\/\/orientering.sjovalla.se\/wp-content\/uploads\/2023\/04\/IMG_4501-1-1024x768.jpeg\" alt=\"\" class=\"wp-image-697\" srcset=\"https:\/\/orientering.sjovalla.se\/wp-content\/uploads\/2023\/04\/IMG_4501-1-1024x768.jpeg 1024w, https:\/\/orientering.sjovalla.se\/wp-content\/uploads\/2023\/04\/IMG_4501-1-300x225.jpeg 300w, https:\/\/orientering.sjovalla.se\/wp-content\/uploads\/2023\/04\/IMG_4501-1-768x576.jpeg 768w, https:\/\/orientering.sjovalla.se\/wp-content\/uploads\/2023\/04\/IMG_4501-1-1536x1152.jpeg 1536w, https:\/\/orientering.sjovalla.se\/wp-content\/uploads\/2023\/04\/IMG_4501-1-1020x765.jpeg 1020w, https:\/\/orientering.sjovalla.se\/wp-content\/uploads\/2023\/04\/IMG_4501-1.jpeg 1858w\" sizes=\"auto, (max-width: 1024px) 100vw, 1024px\" \/><\/figure>\n\n\n\n<p>Hej!<\/p>\n\n\n\n<p>Maria heter jag och som ny ordf\u00f6rande i orienteringssektionen i Sj\u00f6valla vill jag introducera mig f\u00f6r er som jag inte redan k\u00e4nner!<\/p>\n\n\n\n<p>Jag uppt\u00e4ckte hur kul orientering \u00e4r n\u00e4r jag som snart 13-\u00e5ring tillsammans med en kompis anm\u00e4lde mig till SOL-skolan i Trollh\u00e4ttans SK. Kompisen slutade snabbt men jag var fast \ud83d\ude42 N\u00e5gra roliga \u00e5r med massa aktiviteter blev det (kul att titta tillbaka p\u00e5 kartarkivet som sj\u00e4lvklart \u00e4r sparat&#8230;och kompisarna jag l\u00e4rde k\u00e4nna umg\u00e5s jag fortfarande med) innan jag flyttade till G\u00f6teborg och Chalmers och tog en liten paus p\u00e5 ca 20 \u00e5r.<\/p>\n\n\n\n<p>2014 hade vi (jag, Tobias och Vera d\u00e5 6 \u00e5r) flyttat till M\u00f6lnlycke och n\u00e4r jag fick syn p\u00e5 en lapp vid elljussp\u00e5ret om en gr\u00f6n nyb\u00f6rjargrupp var det solklart att Vera skulle orientera!<\/p>\n\n\n\n<p>9 \u00e5r har g\u00e5tt sedan dess fyllda med massa roliga tr\u00e4ningar, t\u00e4vlingar, resor, l\u00e4ger, stafetter men framf\u00f6rallt nya v\u00e4nner och en fantastisk sammanh\u00e5llning i Sj\u00f6valla! 25-manna-resorna \u00e4r en h\u00f6jdpunkt, likas\u00e5 klubbfika p\u00e5 o-ringen, springa stafett i ett upplevelselag (vi deltar f\u00f6r att det \u00e4r kul att g\u00f6ra n\u00e5got ihop, inte f\u00f6r att hamna i topp) p\u00e5 10mila samt de mysiga tisdagstr\u00e4ningarna i vintras med bastu och fika.<\/p>\n\n\n\n<p>Det \u00e4r kul att orientera men det \u00e4r ocks\u00e5 kul att arra saker tillsammans med detta h\u00e4rliga g\u00e4ng. S\u00e5 h\u00e4r l\u00e5ngt har jag testat p\u00e5 att vara ungdomsledare i vitgul och senare orangeviolett grupp, banl\u00e4ggning, pillat (ytterst) lite med IT, skrivit veckobrev under en period och suttit i sektionsstyrelsen och representerat ungdomsgrupperna. Det har inneburit allt ifr\u00e5n att bo i milit\u00e4rt\u00e4lt och \u00e4ta pizza p\u00e5 Ungdomens 10mila med v\u00e5ra fantastiska ungdomar och ledarg\u00e4ng, g\u00e5 p\u00e5 utbildningar inom ledarskap och banl\u00e4ggning till att l\u00e4ra k\u00e4nna en banl\u00e4ggarkollega v\u00e4l under m\u00e5nga timmars rekning och ett (inte helt lyckat) f\u00f6rs\u00f6k att bygga passager \u00f6ver en vild b\u00e4ck.<\/p>\n\n\n\n<p>N\u00e4r jag inte springer runt med karta och kompass cyklar jag g\u00e4rna MTB, \u00e5ker snowboard eller l\u00e4ngdskidor, spelar innebandy (n\u00e4r f\u00f6tterna till\u00e5ter) samt jobbar inom produktledning p\u00e5 Emerson med radar-niv\u00e5m\u00e4tare.<\/p>\n\n\n\n<p>Snabba fakta:<\/p>\n\n\n\n<ul class=\"wp-block-list\">\n<li>Klass: D45<\/li>\n\n\n\n<li>Skor: Breda sk\u00f6na Icebug Pytho6<\/li>\n\n\n\n<li>Kompass: Str8, med nyink\u00f6pt lupp<\/li>\n\n\n\n<li>Favorit-kontrollpunkt: S\u00e4nka<\/li>\n\n\n\n<li>Ett orienteringsminne: Vinsten i D16B (gammalt namn p\u00e5 D16Kort\/Orange) O-ringen 1993<\/li>\n\n\n\n<li>Roligast med orientering: Oj. Kombinationen motion &amp; probleml\u00f6sning\u2026 eller roliga resor och stafetter\u2026eller v\u00e4gvalsdiskussionerna efter lopp med de som sprungit samma bana&#8230;att alla oavsett \u00e5lder och niv\u00e5 kan delta p\u00e5 samma t\u00e4vlingar! Kan inte v\u00e4lja, det \u00e4r ju s\u00e5 bra alltihop!<\/li>\n<\/ul>\n\n\n\n<p>Nu ser jag fram emot att l\u00e4ra mig \u00e4nnu mer om olika delar av v\u00e5r verksamhet och tillsammans med er alla utveckla den! Ni hittar mig p\u00e5 orangevioletta tr\u00e4ningar, p\u00e5 t\u00e4vlingar och ibland p\u00e5 tisdagstr\u00e4ningarna &#8211; jag \u00e4r mycket intresserad av att h\u00f6ra era tankar om allt som fungerar bra men \u00e4ven vad vi kan bli \u00e4nnu b\u00e4ttre p\u00e5. Klubben blir vad vi tillsammans g\u00f6r den till!<\/p>\n\n\n\n<p>Vill avsluta med att tacka Per-Arne f\u00f6r ett fantastiskt jobb i rollen under ca 10 \u00e5rs tid, k\u00e4nns tryggt att ta \u00f6ver n\u00e4r du stannar i styrelsen som vice ordf\u00f6rande!<\/p>\n\n\n\n<p>Mvh Maria (Maria H\u00f6) H\u00f6glund<\/p>\n\n\n&#111;&#114;&#100;&#102;ora&#110;de.orie&#110;&#116;&#101;&#114;&#105;&#110;&#103;&#64;&#115;jo&#118;&#97;&#108;l&#97;.&#115;&#101;\n\n\n\n<p>0703-101383<\/p>\n","protected":false},"excerpt":{"rendered":"<p>Hej! Maria heter jag och som ny ordf\u00f6rande i orienteringssektionen i Sj\u00f6valla vill jag introducera mig f\u00f6r er som jag [&hellip;]<\/p>\n","protected":false},"author":7,"featured_media":0,"comment_status":"closed","ping_status":"closed","sticky":false,"template":"","format":"standard","meta":{"footnotes":""},"categories":[1],"tags":[],"class_list":["post-694","post","type-post","status-publish","format-standard","hentry","category-nyheter"],"_links":{"self":[{"href":"https:\/\/orientering.sjovalla.se\/index.php\/wp-json\/wp\/v2\/posts\/694","targetHints":{"allow":["GET"]}}],"collection":[{"href":"https:\/\/orientering.sjovalla.se\/index.php\/wp-json\/wp\/v2\/posts"}],"about":[{"href":"https:\/\/orientering.sjovalla.se\/index.php\/wp-json\/wp\/v2\/types\/post"}],"author":[{"embeddable":true,"href":"https:\/\/orientering.sjovalla.se\/index.php\/wp-json\/wp\/v2\/users\/7"}],"replies":[{"embeddable":true,"href":"https:\/\/orientering.sjovalla.se\/index.php\/wp-json\/wp\/v2\/comments?post=694"}],"version-history":[{"count":8,"href":"https:\/\/orientering.sjovalla.se\/index.php\/wp-json\/wp\/v2\/posts\/694\/revisions"}],"predecessor-version":[{"id":721,"href":"https:\/\/orientering.sjovalla.se\/index.php\/wp-json\/wp\/v2\/posts\/694\/revisions\/721"}],"wp:attachment":[{"href":"https:\/\/orientering.sjovalla.se\/index.php\/wp-json\/wp\/v2\/media?parent=694"}],"wp:term":[{"taxonomy":"category","embeddable":true,"href":"https:\/\/orientering.sjovalla.se\/index.php\/wp-json\/wp\/v2\/categories?post=694"},{"taxonomy":"post_tag","embeddable":true,"href":"https:\/\/orientering.sjovalla.se\/index.php\/wp-json\/wp\/v2\/tags?post=694"}],"curies":[{"name":"wp","href":"https:\/\/api.w.org\/{rel}","templated":true}]}}