{"id":796,"date":"2023-05-31T00:23:38","date_gmt":"2023-05-30T22:23:38","guid":{"rendered":"https:\/\/orientering.sjovalla.se\/?p=796"},"modified":"2023-06-12T16:09:46","modified_gmt":"2023-06-12T14:09:46","slug":"anmal-ditt-barn-till-sol-skolan-i-sommar","status":"publish","type":"post","link":"https:\/\/orientering.sjovalla.se\/index.php\/2023\/05\/31\/anmal-ditt-barn-till-sol-skolan-i-sommar\/","title":{"rendered":"F\u00f6r alla ungdomar &#8211; testa &#8221;SOL-skolan&#8221; i sommar!"},"content":{"rendered":"\n<p>De ungdomar som \u00e4r f\u00f6dda 2014 eller tidigare kan nu anm\u00e4la sig till <strong>SOL-skolan Sommarorientering 2023<\/strong>!<br>SOL-skolan \u00e4r ett roligt dagl\u00e4ger under <strong>vecka 32<\/strong> (m\u00e5ndag-torsdag) d\u00e4r ungdomarna f\u00e5r g\u00f6ra en massa kul! <br><br>Man beh\u00f6ver inte ha orienterat tidigare &#8211; h\u00e4r f\u00e5r man testa men framf\u00f6rallt ha kul tillsammans.<\/p>\n\n\n\n<p>Din <a href=\"https:\/\/orientering.sjovalla.se\/index.php\/ungdom\/sol-skolan\/\">anm\u00e4lan<\/a> \u00f6nskar vi f\u00e5 in <strong>senast 19:e juni<\/strong>! L\u00e4s mer p\u00e5 f\u00f6ljande <a href=\"https:\/\/orientering.sjovalla.se\/index.php\/ungdom\/sol-skolan\/\">sida<\/a>.<\/p>\n\n\n\n<p>Hoppas vi syns!<\/p>\n\n\n\n<figure class=\"wp-block-image size-large has-custom-border is-style-rounded\"><img loading=\"lazy\" decoding=\"async\" width=\"1024\" height=\"768\" src=\"https:\/\/orientering.sjovalla.se\/wp-content\/uploads\/2023\/06\/skogs-orientering-1024x768.jpg\" alt=\"\" class=\"wp-image-800\" style=\"border-radius:6px\" srcset=\"https:\/\/orientering.sjovalla.se\/wp-content\/uploads\/2023\/06\/skogs-orientering-1024x768.jpg 1024w, https:\/\/orientering.sjovalla.se\/wp-content\/uploads\/2023\/06\/skogs-orientering-300x225.jpg 300w, https:\/\/orientering.sjovalla.se\/wp-content\/uploads\/2023\/06\/skogs-orientering-768x576.jpg 768w, https:\/\/orientering.sjovalla.se\/wp-content\/uploads\/2023\/06\/skogs-orientering-1536x1152.jpg 1536w, https:\/\/orientering.sjovalla.se\/wp-content\/uploads\/2023\/06\/skogs-orientering-1020x765.jpg 1020w, https:\/\/orientering.sjovalla.se\/wp-content\/uploads\/2023\/06\/skogs-orientering.jpg 1920w\" sizes=\"auto, (max-width: 1024px) 100vw, 1024px\" \/><\/figure>\n","protected":false},"excerpt":{"rendered":"<p>De ungdomar som \u00e4r f\u00f6dda 2014 eller tidigare kan nu anm\u00e4la sig till SOL-skolan Sommarorientering 2023!SOL-skolan \u00e4r ett roligt dagl\u00e4ger [&hellip;]<\/p>\n","protected":false},"author":4,"featured_media":0,"comment_status":"closed","ping_status":"closed","sticky":false,"template":"","format":"standard","meta":{"footnotes":""},"categories":[1,7],"tags":[],"class_list":["post-796","post","type-post","status-publish","format-standard","hentry","category-nyheter","category-vit-gul"],"_links":{"self":[{"href":"https:\/\/orientering.sjovalla.se\/index.php\/wp-json\/wp\/v2\/posts\/796","targetHints":{"allow":["GET"]}}],"collection":[{"href":"https:\/\/orientering.sjovalla.se\/index.php\/wp-json\/wp\/v2\/posts"}],"about":[{"href":"https:\/\/orientering.sjovalla.se\/index.php\/wp-json\/wp\/v2\/types\/post"}],"author":[{"embeddable":true,"href":"https:\/\/orientering.sjovalla.se\/index.php\/wp-json\/wp\/v2\/users\/4"}],"replies":[{"embeddable":true,"href":"https:\/\/orientering.sjovalla.se\/index.php\/wp-json\/wp\/v2\/comments?post=796"}],"version-history":[{"count":6,"href":"https:\/\/orientering.sjovalla.se\/index.php\/wp-json\/wp\/v2\/posts\/796\/revisions"}],"predecessor-version":[{"id":815,"href":"https:\/\/orientering.sjovalla.se\/index.php\/wp-json\/wp\/v2\/posts\/796\/revisions\/815"}],"wp:attachment":[{"href":"https:\/\/orientering.sjovalla.se\/index.php\/wp-json\/wp\/v2\/media?parent=796"}],"wp:term":[{"taxonomy":"category","embeddable":true,"href":"https:\/\/orientering.sjovalla.se\/index.php\/wp-json\/wp\/v2\/categories?post=796"},{"taxonomy":"post_tag","embeddable":true,"href":"https:\/\/orientering.sjovalla.se\/index.php\/wp-json\/wp\/v2\/tags?post=796"}],"curies":[{"name":"wp","href":"https:\/\/api.w.org\/{rel}","templated":true}]}}