{"id":995,"date":"2023-09-01T14:16:00","date_gmt":"2023-09-01T12:16:00","guid":{"rendered":"https:\/\/orientering.sjovalla.se\/?p=995"},"modified":"2023-09-01T14:16:28","modified_gmt":"2023-09-01T12:16:28","slug":"5-9-kop-salj-orienteringsutrustning-i-finnsjogarden-17-30-19-30","status":"publish","type":"post","link":"https:\/\/orientering.sjovalla.se\/index.php\/2023\/09\/01\/5-9-kop-salj-orienteringsutrustning-i-finnsjogarden-17-30-19-30\/","title":{"rendered":"5\/9 K\u00f6p\/s\u00e4lj orienteringsutrustning i Finnsj\u00f6g\u00e5rden 17.30-19.30"},"content":{"rendered":"\n<p>P\u00e5 tisdag&nbsp;5 september kl. 17.30-19.30 har du m\u00f6jlighet att k\u00f6pa\/s\u00e4lja begagnad orienteringsutrustning vid Finnsj\u00f6g\u00e5rden.<br>Solveig kommer ocks\u00e5 vara p\u00e5 plats med nya klubbkl\u00e4der som kan k\u00f6pas p\u00e5 plats.<br>L\u00e4s mer om hur det fungerar nedan.<br><br>H\u00f6r g\u00e4rna av dig till mig om du undrar n\u00e5got.<br><br>Trevlig helg och hj\u00e4rtligt v\u00e4lkomna!<br>\u00d6nskar Ingrid och \u00f6vriga materialgruppen.<\/p>\n\n\n\n<hr class=\"wp-block-separator has-alpha-channel-opacity\"\/>\n\n\n\n<h2 class=\"wp-block-heading\">Information<\/h2>\n\n\n\n<ul class=\"wp-block-list\">\n<li>Har du urvuxna orienteringskl\u00e4der\/skor liggande d\u00e4r hemma, som \u00e4rfina\/hela nog<br>f\u00f6r n\u00e5gon annan att anv\u00e4nda?<\/li>\n\n\n\n<li>Eller s\u00f6ker du orienteringsutrustning till barnen och kan t\u00e4nka dig n\u00e5got begagnat?<\/li>\n<\/ul>\n\n\n\n<p>Vi i materialgruppen f\u00f6rs\u00f6ka hj\u00e4lpa till att f\u00f6rl\u00e4nga livet p\u00e5 fullt fungerande<br>orienteringsutrustning, vilket \u00e4r bra b\u00e5de f\u00f6r milj\u00f6n och f\u00f6r pl\u00e5nboken.<br><strong><br>Obs! F\u00f6r att g\u00f6ra detta hanterbart \u00e4r det viktigt att ni bara tar med strikt<br>orienteringsspecifika kl\u00e4der\/prylar, t.ex;<\/strong><\/p>\n\n\n\n<ul class=\"wp-block-list\">\n<li>Klubbkl\u00e4der (tr\u00f6jor\/jackor\/linnen\/m\u00f6ssor)<\/li>\n\n\n\n<li>OL-byxor\/strumpor\/\u00f6verdragsbyxor<\/li>\n\n\n\n<li>Orienteringsskor (gummidobb\/metalldubb)<\/li>\n\n\n\n<li>Kompasser, sportident, definitionsh\u00e5llare etc.<\/li>\n<\/ul>\n\n\n\n<p>(Allts\u00e5 inga &#8221;vanliga&#8221; tr\u00e4ningskl\u00e4der, l\u00f6parskor, skidpj\u00e4xor, vandringsk\u00e4ngor etc.)<\/p>\n\n\n\n<p>S\u00e5 h\u00e4r g\u00e5r det till:<\/p>\n\n\n\n<ol class=\"wp-block-list\">\n<li>M\u00e4rk i f\u00f6rv\u00e4g upp varje plagg\/sko etc. med namn, pris och ditt<br>swishnummer\/eller text &#8221;Gratis&#8221; om du sk\u00e4nker det.<br>(Skriv t.ex. p\u00e5 en papperslapp och f\u00e4st med en s\u00e4kerhetsn\u00e5l i<br>plagget\/skosn\u00f6ret.)<\/li>\n\n\n\n<li>Ta med det du vill s\u00e4lja\/sk\u00e4nka till Finnsj\u00f6g\u00e5rden tidigast kl. 17.30 samma<br>kv\u00e4ll (eller skicka med en kompis om du inte kan komma). Det kommer finnas<br>st\u00e4nger och galgar, s\u00e5 att du kan h\u00e4nga upp kl\u00e4der f\u00f6r b\u00e4ttre \u00f6versikt.<\/li>\n\n\n\n<li>I samband med tr\u00e4ningen kan man v\u00e4lja ut och k\u00f6pa det man \u00f6nskar.<\/li>\n\n\n\n<li>All betalning sker via Swish direkt mellan s\u00e4ljare och k\u00f6pare.<\/li>\n\n\n\n<li>I slutet av kv\u00e4llen, senast kl. 19.30, \u00e4r det viktigt att alla tar hem allt som de<br>haft med dit, men inte f\u00e5tt s\u00e5lt\/sk\u00e4nkt (eller via ombud om man skickar dit<br>grejerna med n\u00e5gon annan). Inget f\u00e5r allts\u00e5 l\u00e4mnas kvar p\u00e5 FG.<\/li>\n<\/ol>\n\n\n\n<p>F\u00f6r er som inte har m\u00f6jlighet att vara med denna kv\u00e4ll, finns det en grupp p\u00e5 FB som heter &#8221;Sj\u00f6valla FK Orientering &#8211; K\u00f6p\/S\u00e4lj\/Bytes&#8221;. Ans\u00f6k g\u00e4rna om medlemskap.<\/p>\n\n\n\n<p>Det kommer \u00e4ven finnas m\u00f6jlighet att k\u00f6pa nya t\u00e4vlingsblusar, klubbjackor, m\u00f6ssor och pannband mm. denna kv\u00e4ll.<\/p>\n\n\n\n<p>Har du n\u00e5gra fr\u00e5gor ang\u00e5ende bytarekv\u00e4llen? H\u00f6r g\u00e4rna av dig till: ingrid@dressbakery.se<\/p>\n","protected":false},"excerpt":{"rendered":"<p>P\u00e5 tisdag&nbsp;5 september kl. 17.30-19.30 har du m\u00f6jlighet att k\u00f6pa\/s\u00e4lja begagnad orienteringsutrustning vid Finnsj\u00f6g\u00e5rden.Solveig kommer ocks\u00e5 vara p\u00e5 plats med [&hellip;]<\/p>\n","protected":false},"author":4,"featured_media":0,"comment_status":"closed","ping_status":"closed","sticky":false,"template":"","format":"standard","meta":{"footnotes":""},"categories":[4,12,1,6,11,9,7],"tags":[],"class_list":["post-995","post","type-post","status-publish","format-standard","hentry","category-gron","category-juniorer","category-nyheter","category-orange-violett","category-seniorer","category-tisdagar","category-vit-gul"],"_links":{"self":[{"href":"https:\/\/orientering.sjovalla.se\/index.php\/wp-json\/wp\/v2\/posts\/995","targetHints":{"allow":["GET"]}}],"collection":[{"href":"https:\/\/orientering.sjovalla.se\/index.php\/wp-json\/wp\/v2\/posts"}],"about":[{"href":"https:\/\/orientering.sjovalla.se\/index.php\/wp-json\/wp\/v2\/types\/post"}],"author":[{"embeddable":true,"href":"https:\/\/orientering.sjovalla.se\/index.php\/wp-json\/wp\/v2\/users\/4"}],"replies":[{"embeddable":true,"href":"https:\/\/orientering.sjovalla.se\/index.php\/wp-json\/wp\/v2\/comments?post=995"}],"version-history":[{"count":2,"href":"https:\/\/orientering.sjovalla.se\/index.php\/wp-json\/wp\/v2\/posts\/995\/revisions"}],"predecessor-version":[{"id":997,"href":"https:\/\/orientering.sjovalla.se\/index.php\/wp-json\/wp\/v2\/posts\/995\/revisions\/997"}],"wp:attachment":[{"href":"https:\/\/orientering.sjovalla.se\/index.php\/wp-json\/wp\/v2\/media?parent=995"}],"wp:term":[{"taxonomy":"category","embeddable":true,"href":"https:\/\/orientering.sjovalla.se\/index.php\/wp-json\/wp\/v2\/categories?post=995"},{"taxonomy":"post_tag","embeddable":true,"href":"https:\/\/orientering.sjovalla.se\/index.php\/wp-json\/wp\/v2\/tags?post=995"}],"curies":[{"name":"wp","href":"https:\/\/api.w.org\/{rel}","templated":true}]}}